{"id":627,"date":"2026-09-05T23:26:22","date_gmt":"2026-09-05T21:26:22","guid":{"rendered":"https:\/\/fauteuildorchestre.fr\/?p=627"},"modified":"2026-09-05T23:30:55","modified_gmt":"2026-09-05T21:30:55","slug":"la-raison-du-plus-fou-au-lucernaire","status":"publish","type":"post","link":"https:\/\/fauteuildorchestre.fr\/index.php\/2026\/09\/05\/la-raison-du-plus-fou-au-lucernaire\/","title":{"rendered":"\u00ab\u00a0La raison du plus fou \u00bb au Lucernaire"},"content":{"rendered":"<div class=\"wp-block-image\">\n<figure class=\"aligncenter size-full is-resized\"><img loading=\"lazy\" decoding=\"async\" width=\"640\" height=\"960\" src=\"https:\/\/fauteuildorchestre.fr\/wp-content\/uploads\/2026\/09\/AFFICHE-La-raison-du-plus-fou-640x960-1.jpeg\" alt=\"\" class=\"wp-image-628\" style=\"width:300px;height:auto\" srcset=\"https:\/\/fauteuildorchestre.fr\/wp-content\/uploads\/2026\/09\/AFFICHE-La-raison-du-plus-fou-640x960-1.jpeg 640w, https:\/\/fauteuildorchestre.fr\/wp-content\/uploads\/2026\/09\/AFFICHE-La-raison-du-plus-fou-640x960-1-200x300.jpeg 200w\" sizes=\"auto, (max-width: 640px) 100vw, 640px\" \/><\/figure>\n<\/div>\n\n\n<p class=\"wp-block-paragraph\"><strong>Depuis le 2 septembre, le Lucernaire accueille \u00ab&nbsp;La raison du plus fou&nbsp;\u00bb, un spectacle de Franck Mercadal, mis en sc\u00e8ne par Gregori Baquet. Apr\u00e8s une cr\u00e9ation en 2024, plusieurs passages au Festival d\u2019Avignon et des dates en tourn\u00e9e, c\u2019est au tour de Paris de d\u00e9couvrir cette conversation fictive et surprenante entre Jean-Jacques Rousseau et Denis Diderot.<\/strong><\/p>\n\n\n\n<p class=\"wp-block-paragraph\">Jean-Jacques Rousseau vient de terminer son autobiographie \u00ab&nbsp;Les Confessions&nbsp;\u00bb dans laquelle il critique vivement ses anciens amis philosophes comme Denis Diderot. Celui-ci vient \u00e0 sa rencontre afin de lui demander de cesser ses lectures publiques qui pourraient valoir \u00e0 Diderot un nouvel emprisonnement. Commence alors une partie d\u2019\u00e9checs o\u00f9 chacun tentera de convaincre l\u2019autre qu\u2019il a raison\u2026<\/p>\n\n\n\n<p class=\"wp-block-paragraph\">\u00ab La raison du plus fou \u00bb met en valeur deux figures importantes de la philosophie des Lumi\u00e8res&nbsp;: Rousseau et Diderot. Jadis amis, leurs divergences d\u2019opinion les ont \u00e9loign\u00e9s. Rousseau se retire en Suisse et pr\u00f4ne l\u2019\u00e9tat de nature. Diderot termine son Encyclop\u00e9die glorifiant l\u2019importance du savoir. On ne peut que saluer l\u2019\u00e9criture percutante de Franck Mercadal, qui signe une prouesse impressionnante. Car, si la pi\u00e8ce plaira aux passionn\u00e9s qui reconnaitront des extraits sem\u00e9s \u00e7\u00e0 et l\u00e0 de textes litt\u00e9raires parfaitement d\u00e9clam\u00e9s, il ne s\u2019agit pas pour autant d\u2019un cours de philosophie ennuyeux. Au contraire, par sa plume, l\u2019auteur s\u2019amuse \u00e0 surprendre le spectateur par sa forme, sa p\u00e9dagogie, son rythme. Ainsi, il m\u00eale moments dr\u00f4les, tendres, musicaux pour notre plus grand bonheur. Le public se retrouve au centre d\u2019une joute \u00e0 la fois r\u00e9elle et verbale. Il joue \u00e9galement avec la m\u00e9taphore du jeu d\u2019\u00e9checs qui convient parfaitement \u00e0 cet \u00e9change. Le message port\u00e9 par les deux auteurs fait \u00e9trangement \u00e9cho \u00e0 notre situation actuelle et prouve \u00e0 quel point les Lumi\u00e8res ont fond\u00e9 la soci\u00e9t\u00e9&nbsp;d\u2019aujourd\u2019hui. Lequel des deux aura le verbe assez haut pour convaincre l\u2019autre et le faire changer d\u2019avis&nbsp;? Lorsque l\u2019on est face \u00e0 deux grands penseurs tels que Rousseau et Diderot, la r\u00e9ponse semble difficile \u00e0 trouver.<\/p>\n\n\n\n<p class=\"wp-block-paragraph\">Gr\u00e9gori Baquet et Franck Mercadal donnent vie aux personnages avec beaucoup de r\u00e9alisme et de second degr\u00e9. Ils montrent ainsi (s\u2019il le fallait encore&nbsp;!) l\u2019\u00e9tendue de leur talent et une v\u00e9ritable complicit\u00e9 au plateau. Le duo fonctionne parfaitement. Le phras\u00e9 des com\u00e9diens rend hommage aux textes de ces auteurs. Le public prend plaisir \u00e0 entendre la langue du XVIIIe si\u00e8cle. Et tout cela, sans temps mort, puisque les dialogues s\u2019enchainent \u00e0 un rythme effr\u00e9n\u00e9 sans jamais perdre le spectateur qui retrouve l\u2019envie de se plonger dans cette litt\u00e9rature d\u2019id\u00e9es. Y a-t-il meilleure entr\u00e9e en philosophie pour des jeunes que cette pi\u00e8ce qui rend plus accessibles les auteurs des Lumi\u00e8res ? Nul doute que l\u2019humour et la sensibilit\u00e9 qui s\u2019en d\u00e9gagent devraient en toucher plus d\u2019un.<\/p>\n\n\n\n<p class=\"wp-block-paragraph\">Par sa mise en sc\u00e8ne, Gr\u00e9gori Baquet nous transporte dans une taverne de l\u2019\u00e9poque, \u00e0 la lumi\u00e8re des bougies, avec cet \u00e9chiquier aux pions blancs magnifiques en bois, le tout sublim\u00e9 par les lumi\u00e8res de St\u00e9phane Baquet (fr\u00e8re de Gregori que l\u2019on retrouve r\u00e9guli\u00e8rement \u00e0 ses c\u00f4t\u00e9s dans ses cr\u00e9ations). L\u2019ambiance d\u2019abord feutr\u00e9e puis plus intense pousse \u00e0 la confession des deux comp\u00e8res. Les costumes installent \u00e9galement la narration dans son temps, malgr\u00e9 des accents de modernit\u00e9. Enfin, impossible de ne pas parler de la musique qui \u00e9tonne par son m\u00e9lange entre hier et aujourd\u2019hui.<\/p>\n\n\n\n<p class=\"wp-block-paragraph\"><strong>\u00ab&nbsp;La raison du plus fou&nbsp;\u00bb est un spectacle engag\u00e9, plein de surprises, qui interpelle par la modernit\u00e9 du propos et qui fait r\u00e9fl\u00e9chir, servi par deux com\u00e9diens \u00e9blouissants. Une pi\u00e8ce \u00e0 voir et \u00e0 faire d\u00e9couvrir aux jeunes.<\/strong><\/p>\n\n\n\n<p class=\"wp-block-paragraph\">De Franck Mercadal<\/p>\n\n\n\n<p class=\"wp-block-paragraph\">Mise en sc\u00e8ne Gr\u00e9gori Baquet<\/p>\n\n\n\n<p class=\"wp-block-paragraph\">Avec Gr\u00e9gori Baquet et Franck Mercadal<\/p>\n\n\n\n<p class=\"wp-block-paragraph\">Musique Michel Korb<\/p>\n\n\n\n<p class=\"wp-block-paragraph\">Lumi\u00e8res St\u00e9phane Baquet<\/p>\n\n\n\n<p class=\"wp-block-paragraph\">Production \/ Diffusion Compagnie Vive&nbsp;<\/p>\n\n\n\n<p class=\"wp-block-paragraph\">Partenaires Conseil d\u00e9partemental de Lot-et-Garonne, Ville d\u2019Agen, Nouveau Th\u00e9\u00e2tre du Jour.<\/p>\n\n\n\n<p class=\"wp-block-paragraph\">OU ? Au Lucernaire<\/p>\n\n\n\n<p class=\"wp-block-paragraph\">QUAND ? Du 2 septembre au 15 novembre 2026<\/p>\n\n\n\n<p class=\"wp-block-paragraph\">DUR\u00c9E : 1h15<\/p>\n\n\n\n<p class=\"wp-block-paragraph\">TARIFS : de 10\u20ac \u00e0 32\u20ac<\/p>\n\n\n\n<figure class=\"wp-block-embed is-type-wp-embed is-provider-lucernaire wp-block-embed-lucernaire\"><div class=\"wp-block-embed__wrapper\">\n<blockquote class=\"wp-embedded-content\" data-secret=\"nndIELlm9n\"><a href=\"https:\/\/www.lucernaire.fr\/theatre\/la-raison-du-plus-fou\/\">LA RAISON DU PLUS FOU, Rousseau VS Diderot<\/a><\/blockquote><iframe loading=\"lazy\" class=\"wp-embedded-content\" sandbox=\"allow-scripts\" security=\"restricted\" style=\"position: absolute; visibility: hidden;\" title=\"\u00ab\u00a0LA RAISON DU PLUS FOU, Rousseau VS Diderot\u00a0\u00bb \u2014 Lucernaire\" src=\"https:\/\/www.lucernaire.fr\/theatre\/la-raison-du-plus-fou\/embed\/#?secret=KxEUjDsstv#?secret=nndIELlm9n\" data-secret=\"nndIELlm9n\" width=\"600\" height=\"338\" frameborder=\"0\" marginwidth=\"0\" marginheight=\"0\" scrolling=\"no\"><\/iframe>\n<\/div><\/figure>\n","protected":false},"excerpt":{"rendered":"<p>Depuis le 2 septembre, le Lucernaire accueille \u00ab&nbsp;La raison du plus fou&nbsp;\u00bb, un spectacle de Franck Mercadal, mis en sc\u00e8ne par Gregori Baquet. Apr\u00e8s une cr\u00e9ation en 2024, plusieurs passages au Festival d\u2019Avignon et des &hellip; <\/p>\n","protected":false},"author":1,"featured_media":628,"comment_status":"open","ping_status":"open","sticky":false,"template":"","format":"standard","meta":{"footnotes":""},"categories":[10,3],"tags":[],"class_list":["post-627","post","type-post","status-publish","format-standard","has-post-thumbnail","hentry","category-theatre-2026","category-theatre"],"_links":{"self":[{"href":"https:\/\/fauteuildorchestre.fr\/index.php\/wp-json\/wp\/v2\/posts\/627","targetHints":{"allow":["GET"]}}],"collection":[{"href":"https:\/\/fauteuildorchestre.fr\/index.php\/wp-json\/wp\/v2\/posts"}],"about":[{"href":"https:\/\/fauteuildorchestre.fr\/index.php\/wp-json\/wp\/v2\/types\/post"}],"author":[{"embeddable":true,"href":"https:\/\/fauteuildorchestre.fr\/index.php\/wp-json\/wp\/v2\/users\/1"}],"replies":[{"embeddable":true,"href":"https:\/\/fauteuildorchestre.fr\/index.php\/wp-json\/wp\/v2\/comments?post=627"}],"version-history":[{"count":1,"href":"https:\/\/fauteuildorchestre.fr\/index.php\/wp-json\/wp\/v2\/posts\/627\/revisions"}],"predecessor-version":[{"id":629,"href":"https:\/\/fauteuildorchestre.fr\/index.php\/wp-json\/wp\/v2\/posts\/627\/revisions\/629"}],"wp:featuredmedia":[{"embeddable":true,"href":"https:\/\/fauteuildorchestre.fr\/index.php\/wp-json\/wp\/v2\/media\/628"}],"wp:attachment":[{"href":"https:\/\/fauteuildorchestre.fr\/index.php\/wp-json\/wp\/v2\/media?parent=627"}],"wp:term":[{"taxonomy":"category","embeddable":true,"href":"https:\/\/fauteuildorchestre.fr\/index.php\/wp-json\/wp\/v2\/categories?post=627"},{"taxonomy":"post_tag","embeddable":true,"href":"https:\/\/fauteuildorchestre.fr\/index.php\/wp-json\/wp\/v2\/tags?post=627"}],"curies":[{"name":"wp","href":"https:\/\/api.w.org\/{rel}","templated":true}]}}