{"id":622,"date":"2026-09-05T13:26:08","date_gmt":"2026-09-05T11:26:08","guid":{"rendered":"https:\/\/fauteuildorchestre.fr\/?p=622"},"modified":"2026-09-05T16:54:50","modified_gmt":"2026-09-05T14:54:50","slug":"un-succes-fou-au-theatre-des-varietes","status":"publish","type":"post","link":"https:\/\/fauteuildorchestre.fr\/index.php\/2026\/09\/05\/un-succes-fou-au-theatre-des-varietes\/","title":{"rendered":"\u00ab\u00a0Un succ\u00e8s fou\u00a0\u00bb au Th\u00e9\u00e2tre des Vari\u00e9t\u00e9s"},"content":{"rendered":"<div class=\"wp-block-image\">\n<figure class=\"aligncenter size-large is-resized\"><img loading=\"lazy\" decoding=\"async\" width=\"683\" height=\"1024\" src=\"https:\/\/fauteuildorchestre.fr\/wp-content\/uploads\/2026\/09\/varietes-usf-1200x1800-srvb-040725-683x1024.webp\" alt=\"\" class=\"wp-image-623\" style=\"width:300px;height:auto\" srcset=\"https:\/\/fauteuildorchestre.fr\/wp-content\/uploads\/2026\/09\/varietes-usf-1200x1800-srvb-040725-683x1024.webp 683w, https:\/\/fauteuildorchestre.fr\/wp-content\/uploads\/2026\/09\/varietes-usf-1200x1800-srvb-040725-200x300.webp 200w, https:\/\/fauteuildorchestre.fr\/wp-content\/uploads\/2026\/09\/varietes-usf-1200x1800-srvb-040725-768x1152.webp 768w, https:\/\/fauteuildorchestre.fr\/wp-content\/uploads\/2026\/09\/varietes-usf-1200x1800-srvb-040725-1024x1536.webp 1024w, https:\/\/fauteuildorchestre.fr\/wp-content\/uploads\/2026\/09\/varietes-usf-1200x1800-srvb-040725.webp 1200w\" sizes=\"auto, (max-width: 683px) 100vw, 683px\" \/><\/figure>\n<\/div>\n\n\n<p class=\"wp-block-paragraph\"><strong>Depuis le 27 ao\u00fbt, le th\u00e9\u00e2tre des Vari\u00e9t\u00e9s accueille \u00ab&nbsp;Un succ\u00e8s fou \u00bb, la nouvelle pi\u00e8ce de et avec S\u00e9bastien Castro, mise en sc\u00e8ne par Jos\u00e9 Paul. Apr\u00e8s le triomphe d\u2019\u00ab&nbsp;Une id\u00e9e g\u00e9niale&nbsp;\u00bb r\u00e9compens\u00e9e par deux Moli\u00e8res en 2023, l\u2019artiste revient avec une troupe de cinq com\u00e9diens d\u00e9chain\u00e9s pour vous faire vivre un moment inoubliable.<\/strong><\/p>\n\n\n\n<p class=\"wp-block-paragraph\">Simon, Oc\u00e9ane et Antoine sont dans le m\u00eame immeuble \u00e0 trois \u00e9tages diff\u00e9rents. En cette soir\u00e9e du 15 ao\u00fbt, ces trois c\u00e9libataires vont faire connaissance, tisser des liens, se d\u00e9couvrir et surtout nous faire mourir de rire&#8230;<\/p>\n\n\n\n<p class=\"wp-block-paragraph\">Depuis plus d\u2019un an, S\u00e9bastien Castro avait annonc\u00e9 cette nouvelle pi\u00e8ce avec un d\u00e9cor monumental sur trois \u00e9tages. De quoi attiser la curiosit\u00e9 du spectateur qui sera \u00e9merveill\u00e9 par la prouesse technique qu\u2019il repr\u00e9sente avec tous les jeux de perspective qu\u2019il permet. L\u2019immeuble devient presque un personnage \u00e0 part enti\u00e8re de l\u2019action. D\u00e8s le d\u00e9but, le public se r\u00e9gale des possibilit\u00e9s que cela cr\u00e9e aussi bien narrativement que visuellement. Cela permet \u00e0 chacun de vivre un plaisir coupable&nbsp;: savoir ce qui se passe chez le voisin sans quitter son si\u00e8ge. Ainsi, notre \u0153il curieux est transport\u00e9 dans l\u2019intimit\u00e9 des personnages, au sein m\u00eame de leur appartement. Cela donne lieu \u00e0 des situations cocasses, flirtant parfois avec l\u2019absurde, o\u00f9 les com\u00e9diens vont et viennent d\u2019un \u00e9tage \u00e0 l\u2019autre. Il renouvelle ainsi le genre du vaudeville puisque ce ne sont plus simplement les portes qui claquent mais ici les artistes utilisent l\u2019espace dans son enti\u00e8ret\u00e9&nbsp;: escalier, salle de s\u00e9jour, fen\u00eatre, grenier. Cela apporte beaucoup de dynamisme \u00e0 la mise en sc\u00e8ne et au r\u00e9cit qui se passe \u00e0 un rythme effr\u00e9n\u00e9.<\/p>\n\n\n\n<p class=\"wp-block-paragraph\">L\u2019histoire joue sur les quiproquos et le comique de situation puisque les malentendus s\u2019enchainent avec des gags r\u00e9currents tout \u00e0 fait irr\u00e9sistibles. Le public appr\u00e9ciera l\u2019\u00e9criture particuli\u00e8rement soign\u00e9e du texte qui am\u00e8ne justement ces moments dr\u00f4les avec intelligence gr\u00e2ce \u00e0 des personnages hauts en couleur. S\u00e9bastien&nbsp;Castro brille dans son r\u00f4le de Simon, un homme na\u00eff qui prend chaque expression au pied de la lettre, ce qui rend certains passages hilarants. Par ses mimiques d\u00e9sopilantes, sa maladresse et son ton presque monocorde qui n\u2019explose jamais,&nbsp;il emporte les autres com\u00e9diens avec lui. Ra\u00efssa&nbsp;Mariotti excelle en Oc\u00e9ane, cette femme un peu mystique qui cherche l\u2019amour et se retrouve ici par hasard. Guillaume&nbsp;Cl\u00e9rice donne \u00e0 Antoine un flegme puis une folie douce gr\u00e2ce \u00e0 laquelle il obtient la sympathie du public. N\u2019oublions pas non plus Julia&nbsp;Gallaux, Beno\u00eet&nbsp;de&nbsp;Meyrignac et Martin&nbsp;de&nbsp;Geoffroy qui campent des personnages tout aussi d\u00e9jant\u00e9s&nbsp;: Natacha, la meilleure amie d\u2019Antoine auquel elle vient pr\u00e9senter son nouveau ch\u00e9ri, Duke, et Jean-Patrick, le petit-fils de l\u2019ancienne propri\u00e9taire de l\u2019appartement d\u2019Antoine, venu rendre hommage \u00e0 sa grand-m\u00e8re.<\/p>\n\n\n\n<p class=\"wp-block-paragraph\">Tout ce petit monde se m\u00eale et s\u2019entrem\u00eale tout au long d\u2019un r\u00e9cit compl\u00e8tement loufoque qui r\u00e9gale le spectateur. Les lumi\u00e8res sont savamment pens\u00e9es car elles sont celles des couloirs d\u2019immeubles. La musique accompagne l\u2019histoire. Les costumes plantent le d\u00e9cor dans un monde contemporain (mention sp\u00e9ciale pour le v\u00eatement de pompier) et ils caract\u00e9risent les personnages&nbsp;: Oc\u00e9ane porte des couleurs vives en accord avec son temp\u00e9rament joyeux, Simon est plut\u00f4t le boy next door, Duke est la caricature du motard\u2026 Chaque d\u00e9tail se voit employ\u00e9 pour donner du sens \u00e0 l\u2019action. Car, oui, l\u2019art de la com\u00e9die est tout aussi complexe que celui de la trag\u00e9die. Pour repr\u00e9senter le r\u00e9el, il faut de l\u2019exag\u00e9ration mais aussi de la v\u00e9rit\u00e9. Ce que r\u00e9ussit parfaitement cette pi\u00e8ce.<\/p>\n\n\n\n<p class=\"wp-block-paragraph\">&nbsp;<strong>\u00ab&nbsp;Un succ\u00e8s fou \u00bb est une pi\u00e8ce hilarante, dans un d\u00e9cor original, servie par des com\u00e9diens excellents. Un r\u00e9gal qui devrait plaire au plus grand nombre&nbsp;!<\/strong><\/p>\n\n\n\n<p class=\"wp-block-paragraph\">Auteur(e)s&nbsp;: S\u00e9bastien&nbsp;Castro<\/p>\n\n\n\n<p class=\"wp-block-paragraph\">Mise en sc\u00e8ne&nbsp;: Jos\u00e9&nbsp;Paul<\/p>\n\n\n\n<p class=\"wp-block-paragraph\">Assistant \u00e0 la mise en sc\u00e8ne&nbsp;: Guillaume&nbsp;Rubeaud<\/p>\n\n\n\n<p class=\"wp-block-paragraph\">D\u00e9cor&nbsp;: Citronelle&nbsp;Dufay<\/p>\n\n\n\n<p class=\"wp-block-paragraph\">Costumes&nbsp;: Marie&nbsp;Credou<\/p>\n\n\n\n<p class=\"wp-block-paragraph\">Lumi\u00e8res&nbsp;: Laurent&nbsp;B\u00e9al<\/p>\n\n\n\n<p class=\"wp-block-paragraph\">Musique&nbsp;: Michel&nbsp;Winogradoff<\/p>\n\n\n\n<p class=\"wp-block-paragraph\">Avec S\u00e9bastien&nbsp;Castro, Guillaume&nbsp;Cl\u00e9rice, Ra\u00efssa&nbsp;Mariotti, Julia&nbsp;Gallaux, Beno\u00eet&nbsp;de&nbsp;Meyrignac, Martin&nbsp;de&nbsp;Geoffroy<\/p>\n\n\n\n<p class=\"wp-block-paragraph\">Avec le soutien de l\u2019Adami<\/p>\n\n\n\n<p class=\"wp-block-paragraph\">OU ? Au th\u00e9\u00e2tre des vari\u00e9t\u00e9s<\/p>\n\n\n\n<p class=\"wp-block-paragraph\">QUAND ? Du 27 ao\u00fbt 2026 au 3 janvier 2027<\/p>\n\n\n\n<p class=\"wp-block-paragraph\">DUR\u00c9E : 1h30<\/p>\n\n\n\n<p class=\"wp-block-paragraph\">TARIFS : de 16\u20ac \u00e0 55\u20ac<\/p>\n\n\n\n<p class=\"wp-block-paragraph\"><a href=\"https:\/\/www.theatredesvarietes.fr\/spectacles\/un-succes-fou\">https:\/\/www.theatredesvarietes.fr\/spectacles\/un-succes-fou<\/a><\/p>\n","protected":false},"excerpt":{"rendered":"<p>Depuis le 27 ao\u00fbt, le th\u00e9\u00e2tre des Vari\u00e9t\u00e9s accueille \u00ab&nbsp;Un succ\u00e8s fou \u00bb, la nouvelle pi\u00e8ce de et avec S\u00e9bastien Castro, mise en sc\u00e8ne par Jos\u00e9 Paul. Apr\u00e8s le triomphe d\u2019\u00ab&nbsp;Une id\u00e9e g\u00e9niale&nbsp;\u00bb r\u00e9compens\u00e9e par &hellip; <\/p>\n","protected":false},"author":1,"featured_media":623,"comment_status":"open","ping_status":"open","sticky":false,"template":"","format":"standard","meta":{"footnotes":""},"categories":[10,3],"tags":[],"class_list":["post-622","post","type-post","status-publish","format-standard","has-post-thumbnail","hentry","category-theatre-2026","category-theatre"],"_links":{"self":[{"href":"https:\/\/fauteuildorchestre.fr\/index.php\/wp-json\/wp\/v2\/posts\/622","targetHints":{"allow":["GET"]}}],"collection":[{"href":"https:\/\/fauteuildorchestre.fr\/index.php\/wp-json\/wp\/v2\/posts"}],"about":[{"href":"https:\/\/fauteuildorchestre.fr\/index.php\/wp-json\/wp\/v2\/types\/post"}],"author":[{"embeddable":true,"href":"https:\/\/fauteuildorchestre.fr\/index.php\/wp-json\/wp\/v2\/users\/1"}],"replies":[{"embeddable":true,"href":"https:\/\/fauteuildorchestre.fr\/index.php\/wp-json\/wp\/v2\/comments?post=622"}],"version-history":[{"count":3,"href":"https:\/\/fauteuildorchestre.fr\/index.php\/wp-json\/wp\/v2\/posts\/622\/revisions"}],"predecessor-version":[{"id":626,"href":"https:\/\/fauteuildorchestre.fr\/index.php\/wp-json\/wp\/v2\/posts\/622\/revisions\/626"}],"wp:featuredmedia":[{"embeddable":true,"href":"https:\/\/fauteuildorchestre.fr\/index.php\/wp-json\/wp\/v2\/media\/623"}],"wp:attachment":[{"href":"https:\/\/fauteuildorchestre.fr\/index.php\/wp-json\/wp\/v2\/media?parent=622"}],"wp:term":[{"taxonomy":"category","embeddable":true,"href":"https:\/\/fauteuildorchestre.fr\/index.php\/wp-json\/wp\/v2\/categories?post=622"},{"taxonomy":"post_tag","embeddable":true,"href":"https:\/\/fauteuildorchestre.fr\/index.php\/wp-json\/wp\/v2\/tags?post=622"}],"curies":[{"name":"wp","href":"https:\/\/api.w.org\/{rel}","templated":true}]}}