{"id":614,"date":"2026-09-03T20:33:53","date_gmt":"2026-09-03T18:33:53","guid":{"rendered":"https:\/\/fauteuildorchestre.fr\/?p=614"},"modified":"2026-09-03T22:55:52","modified_gmt":"2026-09-03T20:55:52","slug":"le-schpountz-au-lucernaire","status":"publish","type":"post","link":"https:\/\/fauteuildorchestre.fr\/index.php\/2026\/09\/03\/le-schpountz-au-lucernaire\/","title":{"rendered":"\u00ab\u00a0Le Schpountz\u00a0\u00bb au Lucernaire"},"content":{"rendered":"<div class=\"wp-block-image\">\n<figure class=\"aligncenter size-full is-resized\"><img loading=\"lazy\" decoding=\"async\" width=\"640\" height=\"960\" src=\"https:\/\/fauteuildorchestre.fr\/wp-content\/uploads\/2026\/09\/AFFICHE-Le-Schpountz-1-640x960-1.jpeg\" alt=\"\" class=\"wp-image-615\" style=\"width:300px;height:auto\" srcset=\"https:\/\/fauteuildorchestre.fr\/wp-content\/uploads\/2026\/09\/AFFICHE-Le-Schpountz-1-640x960-1.jpeg 640w, https:\/\/fauteuildorchestre.fr\/wp-content\/uploads\/2026\/09\/AFFICHE-Le-Schpountz-1-640x960-1-200x300.jpeg 200w\" sizes=\"auto, (max-width: 640px) 100vw, 640px\" \/><\/figure>\n<\/div>\n\n\n<p class=\"wp-block-paragraph\"><strong>Depuis le 2 septembre, Le Lucernaire accueille \u00ab&nbsp;Le Schpountz&nbsp;\u00bb, l\u2019adaptation du film de Marcel Pagnol (sorti en 1938) par Arthur Cachia, mise en sc\u00e8ne par Delphine Depardieu et Arthur Cachia. Apr\u00e8s un passage \u00e0 Avignon et des dates de tourn\u00e9e, la troupe s\u2019installe \u00e0 Paris pour faire revivre la si belle langue de l\u2019auteur. &nbsp;<\/strong><\/p>\n\n\n\n<p class=\"wp-block-paragraph\">Ir\u00e9n\u00e9e s\u2019ennuie \u00e0 travailler \u00e0 l\u2019\u00e9picerie de son oncle qui s\u2019occupe de lui et de son fr\u00e8re Casimir depuis la mort de leur p\u00e8re. Il en est persuad\u00e9&nbsp;: il a un don du Ciel&nbsp;: il doit faire du cin\u00e9ma. Arrive alors une \u00e9quipe de techniciens du septi\u00e8me art qui, le voyant si fier de lui, d\u00e9cide lui jouer un tour en lui faisant signer un contrat bidon pour un film nomm\u00e9 \u00ab&nbsp;Le Schpountz&nbsp;\u00bb\u2026<\/p>\n\n\n\n<p class=\"wp-block-paragraph\">A peine entr\u00e9 dans la salle, le spectateur est accueilli par le chant des cigales et deux panneaux \/ \u00e9crans aux allures de peinture qui plantent l\u2019action dans le Sud de France, si cher \u00e0 Marcel Pagnol. Le d\u00e9cor est plant\u00e9. A cela s\u2019ajoute l\u2019accent chantant des com\u00e9diens qui nous s\u00e9duit d\u00e8s les premi\u00e8res minutes. Les mots de Pagnol s\u2019envolent avec cette langue si belle et si peu entendue au th\u00e9\u00e2tre aujourd\u2019hui. Notre c\u0153ur se rem\u00e9more les films de \u00ab&nbsp;La Gloire de mon p\u00e8re&nbsp;\u00bb et du \u00ab&nbsp;Ch\u00e2teau de ma m\u00e8re&nbsp;\u00bb visionn\u00e9s avec d\u00e9lices dans les ann\u00e9es 90. Sans caricature ni exag\u00e9ration inutile, les com\u00e9diens nous entrainent dans cette r\u00e9gion avec bonheur. Le spectateur se prend imm\u00e9diatement de sympathie pour Ir\u00e9n\u00e9e, par sa na\u00efvet\u00e9 si touchante. Les techniciens parisiens qui se moquent de lui sont facilement reconnaissables par leurs beaux costumes (en opposition avec ceux, plus modestes, d\u2019Ir\u00e9n\u00e9e et sa famille) et par leur accent. Le passage \u00e0 Paris se fait par un habile changement d\u2019image sur l\u2019\u00e9cran comme on tourne une page. Cela apporte une rapidit\u00e9 \u00e0 l\u2019histoire par mensonges r\u00e9p\u00e9t\u00e9s par les techniciens. Arrivent alors portants, accessoires, costumes divers, escaliers qui donnent vie \u00e0 la production de cin\u00e9ma.<\/p>\n\n\n\n<p class=\"wp-block-paragraph\">Les com\u00e9diens interpr\u00e8tent leur r\u00f4le avec une fraicheur et une \u00e9nergie extraordinaires. Ils ne laissent aucun temps mort, provoquant le rire quasiment \u00e0 chaque r\u00e9plique. Arthur Cachia (qui assure la co-mise en sc\u00e8ne et l\u2019adaptation) brille en Ir\u00e9n\u00e9e, lui apportant une innocence tellement sinc\u00e8re qu\u2019elle en devient le comique. Ses mimiques, sa voix, son regard, ses gestes, tout son corps devient Ir\u00e9n\u00e9e. Bien s\u00fbr, le cin\u00e9phile pourrait penser au regrett\u00e9 Fernandel mais Arthur r\u00e9ussit le tour de force de lui apporter sa vision personnelle. Il fait rire le public autant qu\u2019il l\u2019attendrit par sa na\u00efvet\u00e9 et sa volont\u00e9 d\u2019aller au bout de ses ambitions. Les cinq autres com\u00e9diens (Axel Blind, Patrick Chayrigu\u00e8s, Simon Gabillet, Milena Marinelli et Jean-Beno\u00eet Souilh) nous r\u00e9galent de la m\u00eame mani\u00e8re par leur osmose de troupe et leur interpr\u00e9tation si sinc\u00e8re des personnages\u00a0: l\u2019oncle qui se plaint de son neveu mais qui est pr\u00eat \u00e0 tout pour son bonheur, la cliente de l\u2019\u00e9picerie qui revient \u00e0 chaque fois r\u00e9clamer ses produits introuvables, les deux techniciens du cin\u00e9ma qui cr\u00e9ent le faux contrat, le producteur qui se voit forc\u00e9 \u00e0 l\u2019engager, Fran\u00e7oise qui ressent des remords de l\u2019avoir pi\u00e9g\u00e9\u2026 Tout est si bien \u00e9crit et si bien amen\u00e9 que le spectateur ne peut que se r\u00e9jouir.<\/p>\n\n\n\n<p class=\"wp-block-paragraph\">Cette adaptation a r\u00e9duit le r\u00e9cit de 2h15 \u00e0 1h35. Delphine Depardieu et Arthur Cachia ont expliqu\u00e9 qu\u2019il avait fallu sacrifier des passages mais cela est fait de fa\u00e7on tout \u00e0 fait fluide et l\u2019audience ne voit pas le temps passer. Outre la force comique de la pi\u00e8ce, celle-ci met en valeur plusieurs messages. Et si, finalement, il ne fallait pas oser \u00eatre un peu \u00ab\u00a0schpountz\u00a0\u00bb dans la vie pour pouvoir vivre ses r\u00eaves, m\u00eame s\u2019ils ne se r\u00e9alisent pas comme on le pensait\u00a0? Derri\u00e8re tout grand comique, ne se cache-t-il par un \u00eatre sensible et plein de douceur\u00a0? Et si les surprises de la vie \u00e9taient celles qui commen\u00e7aient sur des heureux hasards\u00a0? Les bonnes actions ne finissent-elles pas toujours par \u00eatre r\u00e9compens\u00e9es\u00a0?<\/p>\n\n\n\n<p class=\"wp-block-paragraph\"><strong>\u00ab&nbsp;Le Schpountz&nbsp;\u00bb nous fait ressortir le c\u0153ur l\u00e9ger et l\u2019\u00e2me joyeuse. Un spectacle rythm\u00e9 et dr\u00f4le qui enchantera toute la famille. Une tr\u00e8s belle com\u00e9die&nbsp;!<\/strong><\/p>\n\n\n\n<p class=\"wp-block-paragraph\">De Marcel Pagnol<\/p>\n\n\n\n<p class=\"wp-block-paragraph\">Mise en sc\u00e8ne Delphine Depardieu et Arthur Cachia<\/p>\n\n\n\n<p class=\"wp-block-paragraph\">Adaptation Arthur Cachia<\/p>\n\n\n\n<p class=\"wp-block-paragraph\">Avec&nbsp;: Axel Blind, Arthur Cachia, Patrick Chayrigu\u00e8s, Simon Gabillet, Milena Marinelli et Jean-Beno\u00eet Souilh<\/p>\n\n\n\n<p class=\"wp-block-paragraph\">Musique&nbsp;: Pol\u00e9rik Rouvi\u00e8re assist\u00e9 de Lo\u00efc de Oliveira&nbsp;<\/p>\n\n\n\n<p class=\"wp-block-paragraph\">Lumi\u00e8res&nbsp;: Didier Brun<\/p>\n\n\n\n<p class=\"wp-block-paragraph\">Costumes&nbsp;: Marion Fran\u00e7ois<\/p>\n\n\n\n<p class=\"wp-block-paragraph\">R\u00e9gisseur&nbsp;: Riccardo Bandi ou Maria Hellberg<\/p>\n\n\n\n<p class=\"wp-block-paragraph\">Production&nbsp;: Th\u00e9\u00e2tre des Criques<\/p>\n\n\n\n<p class=\"wp-block-paragraph\">Remerciements&nbsp;Nous remercions chaleureusement celles et ceux qui nous ont soutenu dans la cr\u00e9ation de ce projet et plus particuli\u00e8rement Nicolas Pagnol, Paul-\u00c9mile Fort, le Th\u00e9\u00e2tre Montparnasse, Ang\u00e8le Rose<\/p>\n\n\n\n<p class=\"wp-block-paragraph\"><strong>OU ?<\/strong> Au Lucernaire<\/p>\n\n\n\n<p class=\"wp-block-paragraph\"><strong>QUAND ?<\/strong> Du 2 septembre 2026 au 10 janvier 2027<\/p>\n\n\n\n<p class=\"wp-block-paragraph\"><strong>DUR\u00c9E<\/strong> : 1h25<\/p>\n\n\n\n<p class=\"wp-block-paragraph\"><strong>TARIFS<\/strong> : de 10\u20ac \u00e0 32\u20ac<\/p>\n\n\n\n<figure class=\"wp-block-embed is-type-wp-embed is-provider-lucernaire wp-block-embed-lucernaire\"><div class=\"wp-block-embed__wrapper\">\n<blockquote class=\"wp-embedded-content\" data-secret=\"wla293kN6q\"><a href=\"https:\/\/www.lucernaire.fr\/theatre\/le-schpountz\/\">LE SCHPOUNTZ<\/a><\/blockquote><iframe loading=\"lazy\" class=\"wp-embedded-content\" sandbox=\"allow-scripts\" security=\"restricted\" style=\"position: absolute; visibility: hidden;\" title=\"\u00ab\u00a0LE SCHPOUNTZ\u00a0\u00bb \u2014 Lucernaire\" src=\"https:\/\/www.lucernaire.fr\/theatre\/le-schpountz\/embed\/#?secret=PruTnJOzvE#?secret=wla293kN6q\" data-secret=\"wla293kN6q\" width=\"600\" height=\"338\" frameborder=\"0\" marginwidth=\"0\" marginheight=\"0\" scrolling=\"no\"><\/iframe>\n<\/div><\/figure>\n","protected":false},"excerpt":{"rendered":"<p>Depuis le 2 septembre, Le Lucernaire accueille \u00ab&nbsp;Le Schpountz&nbsp;\u00bb, l\u2019adaptation du film de Marcel Pagnol (sorti en 1938) par Arthur Cachia, mise en sc\u00e8ne par Delphine Depardieu et Arthur Cachia. Apr\u00e8s un passage \u00e0 Avignon &hellip; <\/p>\n","protected":false},"author":1,"featured_media":615,"comment_status":"open","ping_status":"open","sticky":false,"template":"","format":"standard","meta":{"footnotes":""},"categories":[10,3],"tags":[],"class_list":["post-614","post","type-post","status-publish","format-standard","has-post-thumbnail","hentry","category-theatre-2026","category-theatre"],"_links":{"self":[{"href":"https:\/\/fauteuildorchestre.fr\/index.php\/wp-json\/wp\/v2\/posts\/614","targetHints":{"allow":["GET"]}}],"collection":[{"href":"https:\/\/fauteuildorchestre.fr\/index.php\/wp-json\/wp\/v2\/posts"}],"about":[{"href":"https:\/\/fauteuildorchestre.fr\/index.php\/wp-json\/wp\/v2\/types\/post"}],"author":[{"embeddable":true,"href":"https:\/\/fauteuildorchestre.fr\/index.php\/wp-json\/wp\/v2\/users\/1"}],"replies":[{"embeddable":true,"href":"https:\/\/fauteuildorchestre.fr\/index.php\/wp-json\/wp\/v2\/comments?post=614"}],"version-history":[{"count":3,"href":"https:\/\/fauteuildorchestre.fr\/index.php\/wp-json\/wp\/v2\/posts\/614\/revisions"}],"predecessor-version":[{"id":618,"href":"https:\/\/fauteuildorchestre.fr\/index.php\/wp-json\/wp\/v2\/posts\/614\/revisions\/618"}],"wp:featuredmedia":[{"embeddable":true,"href":"https:\/\/fauteuildorchestre.fr\/index.php\/wp-json\/wp\/v2\/media\/615"}],"wp:attachment":[{"href":"https:\/\/fauteuildorchestre.fr\/index.php\/wp-json\/wp\/v2\/media?parent=614"}],"wp:term":[{"taxonomy":"category","embeddable":true,"href":"https:\/\/fauteuildorchestre.fr\/index.php\/wp-json\/wp\/v2\/categories?post=614"},{"taxonomy":"post_tag","embeddable":true,"href":"https:\/\/fauteuildorchestre.fr\/index.php\/wp-json\/wp\/v2\/tags?post=614"}],"curies":[{"name":"wp","href":"https:\/\/api.w.org\/{rel}","templated":true}]}}