{"id":610,"date":"2026-08-30T08:07:30","date_gmt":"2026-08-30T06:07:30","guid":{"rendered":"https:\/\/fauteuildorchestre.fr\/?p=610"},"modified":"2026-08-30T08:07:30","modified_gmt":"2026-08-30T06:07:30","slug":"tout-feu-tout-flamme-a-la-comedie-de-paris","status":"publish","type":"post","link":"https:\/\/fauteuildorchestre.fr\/index.php\/2026\/08\/30\/tout-feu-tout-flamme-a-la-comedie-de-paris\/","title":{"rendered":"\u00ab\u00a0Tout Feu Tout Flamme\u00a0\u00bb \u00e0 la Com\u00e9die de Paris"},"content":{"rendered":"<div class=\"wp-block-image\">\n<figure class=\"aligncenter size-large is-resized\"><img loading=\"lazy\" decoding=\"async\" width=\"683\" height=\"1024\" src=\"https:\/\/fauteuildorchestre.fr\/wp-content\/uploads\/2026\/08\/Tout-feu-tout-flamme-683x1024.jpeg\" alt=\"\" class=\"wp-image-611\" style=\"width:300px;height:auto\" srcset=\"https:\/\/fauteuildorchestre.fr\/wp-content\/uploads\/2026\/08\/Tout-feu-tout-flamme-683x1024.jpeg 683w, https:\/\/fauteuildorchestre.fr\/wp-content\/uploads\/2026\/08\/Tout-feu-tout-flamme-200x300.jpeg 200w, https:\/\/fauteuildorchestre.fr\/wp-content\/uploads\/2026\/08\/Tout-feu-tout-flamme-768x1152.jpeg 768w, https:\/\/fauteuildorchestre.fr\/wp-content\/uploads\/2026\/08\/Tout-feu-tout-flamme.jpeg 800w\" sizes=\"auto, (max-width: 683px) 100vw, 683px\" \/><\/figure>\n<\/div>\n\n\n<p class=\"wp-block-paragraph\"><strong>Depuis le 26 ao\u00fbt, la Com\u00e9die de Paris accueille \u00ab&nbsp;Tout feu tout flamme \u00bb, une com\u00e9die musicale \u00e9crite et mise en sc\u00e8ne par Arthur Jugnot, compos\u00e9e par Romain Trouillet (connu pour ses musiques pour \u00ab&nbsp;Edmond&nbsp;\u00bb ou \u00ab&nbsp;La Machine de Turing&nbsp;\u00bb). Apr\u00e8s un succ\u00e8s au Festival d\u2019Avignon cet \u00e9t\u00e9, dans la lign\u00e9e des \u00ab&nbsp;Producteurs&nbsp;\u00bb et de \u00ab&nbsp;Spamalot&nbsp;\u00bb, le spectacle s\u2019installe \u00e0 Paris pour enchanter les spectateurs.<\/strong><\/p>\n\n\n\n<p class=\"wp-block-paragraph\">Vers 1412, \u00e0 Domremy, commune de Lorraine, na\u00eet une petite fille dont le destin sera connu de tous&nbsp;: Jeanne d\u2019Arc, qui repoussa les Anglais et fit couronner Charles VII. Mais si on vous racontait la vraie fausse histoire de Jeanne d\u2019Arc&nbsp;? Celle qui n\u2019entendait pas des voix, mais des chansons\u2026<\/p>\n\n\n\n<p class=\"wp-block-paragraph\">\u00ab&nbsp;Tout feu tout flamme&nbsp;\u00bb nous transporte dans un univers d\u00e9jant\u00e9 o\u00f9 les r\u00e9f\u00e9rences s\u2019enchainent au rythme d\u2019un humour truff\u00e9 de jeux de mots, de comique de situation ou de d\u00e9calages historiques, sans aucune vulgarit\u00e9. Le spectateur avis\u00e9 remarquera cependant l\u2019exactitude dans la restitution du r\u00e9cit de vie de la pucelle d\u2019Orl\u00e9ans. Cela rend le show encore plus int\u00e9ressant. Car, si l\u2019auteur s\u2019amuse \u00e0 ins\u00e9rer des clins d\u2019\u0153il \u00e0 l\u2019actualit\u00e9 ou \u00e0 la pop culture dans son \u0153uvre (clins d\u2019\u0153il que nous ne d\u00e9voilerons pas pour ne pas g\u00e2cher la surprise des futurs spectateurs), il n\u2019en est pas moins porteur d\u2019un message r\u00e9el, rendant tous les honneurs \u00e0 la figure de Jeanne d\u2019Arc, premi\u00e8re f\u00e9ministe de l\u2019Histoire, trop souvent instrumentalis\u00e9e par les extr\u00eames. Ainsi, elle est mise en valeur par son courage d\u2019opinion malgr\u00e9 les railleries, son abn\u00e9gation, sa volont\u00e9 sans borne de faire entendre ses id\u00e9es. Une femme qui, en d\u00e9pit des avis des autres, a os\u00e9 mener des troupes militaires par sa seule conviction, port\u00e9e par sa foi. Une femme qui a subi la domination, la violence des hommes en gardant toujours la t\u00eate haute. Une femme qui fut condamn\u00e9e \u00e0 \u00eatre brul\u00e9e vive pour sorcellerie apr\u00e8s avoir rendu service \u00e0 la France.<\/p>\n\n\n\n<p class=\"wp-block-paragraph\">Le public appr\u00e9ciera d\u2019autant plus la force de caract\u00e8re du personnage gr\u00e2ce \u00e0 la brillante interpr\u00e9tation de Zo\u00e9 Bidaud qui montre ici l\u2019\u00e9tendue de son talent et sa puissance de jeu. Elle convainc le spectateur qui la suit avec grand plaisir. Toute la troupe m\u00eale com\u00e9die, chant, danse avec brio, pr\u00e9sentant un v\u00e9ritable show de com\u00e9die musicale dans un petit th\u00e9\u00e2tre. Pierre B\u00e9n\u00e9zit (\u00ab&nbsp;Edmond&nbsp;\u00bb, \u00ab&nbsp;Le gros qui fume comme une chemin\u00e9e en hiver&nbsp;\u00bb) nous pr\u00e9sente un Charles VII hilarant, imbu de lui-m\u00eame et dont chacune des apparitions emporte le public. Sara Sousa (\u00ab&nbsp;Fabuleux&nbsp;\u00bb), Victor Bourigault (\u00ab&nbsp;Les Demoiselles de Rochefort&nbsp;\u00bb), Djamel Mehnane (\u00ab&nbsp;Gitans&nbsp;\u00bb) excellent dans les divers r\u00f4les secondaires en apportant \u00e9nergie, humour et voix impressionnantes. Le spectateur se d\u00e9lecte de constater \u00e0 quel point la France n\u2019a plus rien \u00e0 envier aux anglo-saxons, tant les com\u00e9diens aujourd\u2019hui sont polyvalents.<\/p>\n\n\n\n<p class=\"wp-block-paragraph\">Autre r\u00e9ussite de ce spectacle&nbsp;: jouer sur les codes de la com\u00e9die musicale de fa\u00e7on satirique. Entre l\u2019amoureux transi qui d\u00e9clare sa flamme (sans jeu de mots&nbsp;!) par de grandes envol\u00e9es vocales, les chor\u00e9graphies de claquettes, les chansons d\u00e9cal\u00e9es comme celle du homard sur le Titanic, l\u2019audience en prend plein les yeux. Par ailleurs, sans trop en dire, nous garderons en m\u00e9moire le final \u00e9blouissant chant\u00e9 par Jeanne qui nous a laiss\u00e9s sans voix par son propos, sa mise en sc\u00e8ne et l\u2019interpr\u00e9tation percutante de Zo\u00e9 Bidaud.<\/p>\n\n\n\n<p class=\"wp-block-paragraph\">La mise en sc\u00e8ne d\u2019Arthur Jugnot rend hommage \u00e0 l\u2019univers du spectacle musical gr\u00e2ce, notamment \u00e0 la sc\u00e9nographie de Juliette Azzopardi et Jean-Beno\u00eet Thibaud. Une structure de ch\u00e2teau m\u00e9di\u00e9val avec une tour et un rideau rouge th\u00e9\u00e2tral nous embarquent directement, s\u2019alliant aux lumi\u00e8res, perruques et costumes qui marquent leur \u00e9poque. Les com\u00e9diens utilisent l\u2019espace du th\u00e9\u00e2tre dans son enti\u00e8ret\u00e9. Les interactions avec le public sont nombreuses, permettant une plus grande implication de la salle.<\/p>\n\n\n\n<p class=\"wp-block-paragraph\"><strong>\u00ab&nbsp;Tout feu tout flamme \u00bb est un spectacle musical r\u00e9ussi, dr\u00f4le et engag\u00e9, servi par une troupe aux multiples talents. Un show \u00e0 d\u00e9couvrir en famille. Un vrai r\u00e9gal&nbsp;!<\/strong><\/p>\n\n\n\n<p class=\"wp-block-paragraph\">Avec Pierre B\u00e9n\u00e9zit, Zo\u00e9 Bidaud, Victor Bourigault, Djamel Mehnane et Sara Sousa<\/p>\n\n\n\n<p class=\"wp-block-paragraph\">Une com\u00e9die musicale \u00e9crite et mise en sc\u00e8ne par Arthur Jugnot, compos\u00e9e par Romain Trouillet<\/p>\n\n\n\n<p class=\"wp-block-paragraph\">Sc\u00e9nographie : Juliette Azzopardi et Jean-Beno\u00eet Thibaud<\/p>\n\n\n\n<p class=\"wp-block-paragraph\">Costumes : Clothilde Fortin<\/p>\n\n\n\n<p class=\"wp-block-paragraph\">Chor\u00e9graphie : Zo\u00e9 Bidaud<\/p>\n\n\n\n<p class=\"wp-block-paragraph\">Lumi\u00e8res : Thomas Rouxel<\/p>\n\n\n\n<p class=\"wp-block-paragraph\"><strong>OU ? <\/strong>\u00c0 la Com\u00e9die de Paris<\/p>\n\n\n\n<p class=\"wp-block-paragraph\"><strong>QUAND ? <\/strong>Du 26 ao\u00fbt 2026 au 3 janvier 2027<\/p>\n\n\n\n<p class=\"wp-block-paragraph\"><strong>DUR\u00c9E<\/strong> : 1h20<\/p>\n\n\n\n<p class=\"wp-block-paragraph\"><strong>TARIFS<\/strong> : 37\u20ac<\/p>\n\n\n\n<p class=\"wp-block-paragraph\"><a href=\"https:\/\/www.comediedeparis.com\/tout-feu-tout-flamme\">https:\/\/www.comediedeparis.com\/tout-feu-tout-flamme<\/a><\/p>\n","protected":false},"excerpt":{"rendered":"<p>Depuis le 26 ao\u00fbt, la Com\u00e9die de Paris accueille \u00ab&nbsp;Tout feu tout flamme \u00bb, une com\u00e9die musicale \u00e9crite et mise en sc\u00e8ne par Arthur Jugnot, compos\u00e9e par Romain Trouillet (connu pour ses musiques pour \u00ab&nbsp;Edmond&nbsp;\u00bb &hellip; <\/p>\n","protected":false},"author":1,"featured_media":611,"comment_status":"open","ping_status":"open","sticky":false,"template":"","format":"standard","meta":{"footnotes":""},"categories":[11,4],"tags":[],"class_list":["post-610","post","type-post","status-publish","format-standard","has-post-thumbnail","hentry","category-musical-2026","category-musical"],"_links":{"self":[{"href":"https:\/\/fauteuildorchestre.fr\/index.php\/wp-json\/wp\/v2\/posts\/610","targetHints":{"allow":["GET"]}}],"collection":[{"href":"https:\/\/fauteuildorchestre.fr\/index.php\/wp-json\/wp\/v2\/posts"}],"about":[{"href":"https:\/\/fauteuildorchestre.fr\/index.php\/wp-json\/wp\/v2\/types\/post"}],"author":[{"embeddable":true,"href":"https:\/\/fauteuildorchestre.fr\/index.php\/wp-json\/wp\/v2\/users\/1"}],"replies":[{"embeddable":true,"href":"https:\/\/fauteuildorchestre.fr\/index.php\/wp-json\/wp\/v2\/comments?post=610"}],"version-history":[{"count":1,"href":"https:\/\/fauteuildorchestre.fr\/index.php\/wp-json\/wp\/v2\/posts\/610\/revisions"}],"predecessor-version":[{"id":612,"href":"https:\/\/fauteuildorchestre.fr\/index.php\/wp-json\/wp\/v2\/posts\/610\/revisions\/612"}],"wp:featuredmedia":[{"embeddable":true,"href":"https:\/\/fauteuildorchestre.fr\/index.php\/wp-json\/wp\/v2\/media\/611"}],"wp:attachment":[{"href":"https:\/\/fauteuildorchestre.fr\/index.php\/wp-json\/wp\/v2\/media?parent=610"}],"wp:term":[{"taxonomy":"category","embeddable":true,"href":"https:\/\/fauteuildorchestre.fr\/index.php\/wp-json\/wp\/v2\/categories?post=610"},{"taxonomy":"post_tag","embeddable":true,"href":"https:\/\/fauteuildorchestre.fr\/index.php\/wp-json\/wp\/v2\/tags?post=610"}],"curies":[{"name":"wp","href":"https:\/\/api.w.org\/{rel}","templated":true}]}}